{"id":349,"count":8,"description":"Regelm\u00e4\u00dfige \u00d6ffnungszeiten Glyptothek (ohne Schlie\u00dftage). Schlie\u00dftage sind in separater Kategorie \u201egeschlossen_gl\u201c ","link":"https:\/\/www.antike-am-koenigsplatz.mwn.de\/en\/events\/category\/oeffnungszeiten_gl\/","name":"oeffnungszeiten_gl","slug":"oeffnungszeiten_gl","taxonomy":"tribe_events_cat","parent":0,"meta":[],"acf":[],"_links":{"self":[{"href":"https:\/\/www.antike-am-koenigsplatz.mwn.de\/en\/wp-json\/wp\/v2\/tribe_events_cat\/349","targetHints":{"allow":["GET"]}}],"collection":[{"href":"https:\/\/www.antike-am-koenigsplatz.mwn.de\/en\/wp-json\/wp\/v2\/tribe_events_cat"}],"about":[{"href":"https:\/\/www.antike-am-koenigsplatz.mwn.de\/en\/wp-json\/wp\/v2\/taxonomies\/tribe_events_cat"}],"wp:post_type":[{"href":"https:\/\/www.antike-am-koenigsplatz.mwn.de\/en\/wp-json\/wp\/v2\/tribe_events?tribe_events_cat=349"},{"href":"https:\/\/www.antike-am-koenigsplatz.mwn.de\/en\/wp-json\/wp\/v2\/tec_calendar_embed?tribe_events_cat=349"}],"curies":[{"name":"wp","href":"https:\/\/api.w.org\/{rel}","templated":true}]}}