{"id":350,"count":6,"description":"Regelm\u00e4\u00dfige \u00d6ffnungszeiten der Antikensammlungen (ohne Schlie\u00dftage) f\u00fcr die Anzeige auf der Website. Schlie\u00dftage sind in separater Kategorie \"geschlossen_as\"","link":"https:\/\/www.antike-am-koenigsplatz.mwn.de\/en\/events\/category\/oeffnungszeiten_as\/","name":"oeffnungszeiten_as","slug":"oeffnungszeiten_as","taxonomy":"tribe_events_cat","parent":0,"meta":[],"acf":[],"_links":{"self":[{"href":"https:\/\/www.antike-am-koenigsplatz.mwn.de\/en\/wp-json\/wp\/v2\/tribe_events_cat\/350","targetHints":{"allow":["GET"]}}],"collection":[{"href":"https:\/\/www.antike-am-koenigsplatz.mwn.de\/en\/wp-json\/wp\/v2\/tribe_events_cat"}],"about":[{"href":"https:\/\/www.antike-am-koenigsplatz.mwn.de\/en\/wp-json\/wp\/v2\/taxonomies\/tribe_events_cat"}],"wp:post_type":[{"href":"https:\/\/www.antike-am-koenigsplatz.mwn.de\/en\/wp-json\/wp\/v2\/tribe_events?tribe_events_cat=350"},{"href":"https:\/\/www.antike-am-koenigsplatz.mwn.de\/en\/wp-json\/wp\/v2\/tec_calendar_embed?tribe_events_cat=350"}],"curies":[{"name":"wp","href":"https:\/\/api.w.org\/{rel}","templated":true}]}}